{"id":993,"date":"2025-02-15T16:48:15","date_gmt":"2025-02-15T16:48:15","guid":{"rendered":"https:\/\/francesc-cescju.eu\/?p=993"},"modified":"2025-03-03T17:22:05","modified_gmt":"2025-03-03T17:22:05","slug":"tardor-als-jardins-imperials-del-japo","status":"publish","type":"post","link":"https:\/\/francesc-cescju.eu\/?p=993","title":{"rendered":"TARDOR ALS JARDINS IMPERIALS DEL JAP\u00d3"},"content":{"rendered":"\n\n\t<h5><strong>Exposici\u00f3 realitzada del 16 al 28 de febrer del 2025<\/strong> <strong>a la Oficina de Turisme &#8220;Can Rovira&#8221;<\/strong> <strong>Sant Hilari Sacalm<\/strong><\/h5>\n\t<h3><b>Jardins de Ginkaku-ji\u00a0<\/b><\/h3>\n<h3>Kyoto \u00e9s la m\u00e9s tradicional de les antigues capitals nipones i tot un parad\u00eds per als aficionats als jardins, all\u00ed trobarem el temple budista i jardins de Ginkaku-ji (Pavell\u00f3 de Plata), erigit l&#8217;any 1474,\u00a0i el rom\u00e0ntic jard\u00ed de molsa, envoltat de vegetaci\u00f3 i ple de rierols, estanys i ponts.<\/h3>\n\t\t\t\t<a href=\"https:\/\/francesc-cescju.eu\/wp-content\/uploads\/2025\/02\/FJA0908-Web-scaled.jpg\"  target=\"_self\" itemprop=\"url\">\n\t\t\t\t<img loading=\"lazy\" decoding=\"async\" src=\"https:\/\/francesc-cescju.eu\/wp-content\/uploads\/2025\/02\/FJA0908-Web-scaled.jpg\" alt=\"_FJA0908 Web\" itemprop=\"image\" height=\"1709\" width=\"2560\" title=\"_FJA0908 Web\" onerror=\"this.style.display='none'\"  \/>\n\t\t\t\t<\/a>\n\t\t\t\t<a href=\"https:\/\/francesc-cescju.eu\/wp-content\/uploads\/2025\/02\/FJA0926-Web-scaled.jpg\"  target=\"_self\" itemprop=\"url\">\n\t\t\t\t<img loading=\"lazy\" decoding=\"async\" src=\"https:\/\/francesc-cescju.eu\/wp-content\/uploads\/2025\/02\/FJA0926-Web-scaled.jpg\" alt=\"_FJA0926 Web\" itemprop=\"image\" height=\"1709\" width=\"2560\" title=\"_FJA0926 Web\" onerror=\"this.style.display='none'\"  \/>\n\t\t\t\t<\/a>\n\t\t\t\t<a href=\"https:\/\/francesc-cescju.eu\/wp-content\/uploads\/2025\/02\/FJA0954-Web-scaled.jpg\"  target=\"_self\" itemprop=\"url\">\n\t\t\t\t<img loading=\"lazy\" decoding=\"async\" src=\"https:\/\/francesc-cescju.eu\/wp-content\/uploads\/2025\/02\/FJA0954-Web-scaled.jpg\" alt=\"_FJA0954 Web\" itemprop=\"image\" height=\"1709\" width=\"2560\" title=\"_FJA0954 Web\" onerror=\"this.style.display='none'\"  \/>\n\t\t\t\t<\/a>\n\t<h3><b>Temple Daigo-ji\u00a0<\/b><\/h3>\n<h3>Patrimoni de la Humanitat segons l&#8217;Unesco com molts altres temples, s&#8217;est\u00e9n per tota una vessant de la muntanya i els diferents edificis estan connectats per bonics camins envoltats d&#8217;arbres. Hi destaca una pagoda de cinc pisos, els grans i t\u00edpics cirerers japonesos i un munt de flors que doten de placidesa aquest vast recinte.<\/h3>\n\t\t\t\t<a href=\"https:\/\/francesc-cescju.eu\/wp-content\/uploads\/2025\/02\/FJA1102-Web-scaled.jpg\"  target=\"_self\" itemprop=\"url\">\n\t\t\t\t<img loading=\"lazy\" decoding=\"async\" src=\"https:\/\/francesc-cescju.eu\/wp-content\/uploads\/2025\/02\/FJA1102-Web-scaled.jpg\" alt=\"_FJA1102 Web\" itemprop=\"image\" height=\"1709\" width=\"2560\" title=\"_FJA1102 Web\" onerror=\"this.style.display='none'\"  \/>\n\t\t\t\t<\/a>\n\t\t\t\t<a href=\"https:\/\/francesc-cescju.eu\/wp-content\/uploads\/2025\/02\/FJA1144-Web-scaled.jpg\"  target=\"_self\" itemprop=\"url\">\n\t\t\t\t<img loading=\"lazy\" decoding=\"async\" src=\"https:\/\/francesc-cescju.eu\/wp-content\/uploads\/2025\/02\/FJA1144-Web-scaled.jpg\" alt=\"_FJA1144 Web\" itemprop=\"image\" height=\"1709\" width=\"2560\" title=\"_FJA1144 Web\" onerror=\"this.style.display='none'\"  \/>\n\t\t\t\t<\/a>\n\t<h3><b>Temple Tenryuji\u00a0<\/b><\/h3>\n<h3>Conegut pel seu jard\u00ed amb un estany central envoltat de diferents esp\u00e8cies d&#8217;arbres i roques que recreen un paisatge natural, dissenyat per calmar l&#8217;esperit. Tamb\u00e9 s\u00b4hi troba el fam\u00f3s Pont Togetsukyo (Pont de la Lluna), reconstru\u00eft als anys 30.<\/h3>\n\t\t\t\t<a href=\"https:\/\/francesc-cescju.eu\/wp-content\/uploads\/2025\/02\/FJA1147-Web-scaled.jpg\"  target=\"_self\" itemprop=\"url\">\n\t\t\t\t<img loading=\"lazy\" decoding=\"async\" src=\"https:\/\/francesc-cescju.eu\/wp-content\/uploads\/2025\/02\/FJA1147-Web-scaled.jpg\" alt=\"_FJA1147 Web\" itemprop=\"image\" height=\"1709\" width=\"2560\" title=\"_FJA1147 Web\" onerror=\"this.style.display='none'\"  \/>\n\t\t\t\t<\/a>\n\t\t\t\t<a href=\"https:\/\/francesc-cescju.eu\/wp-content\/uploads\/2025\/02\/FJA1157-Web-scaled.jpg\"  target=\"_self\" itemprop=\"url\">\n\t\t\t\t<img loading=\"lazy\" decoding=\"async\" src=\"https:\/\/francesc-cescju.eu\/wp-content\/uploads\/2025\/02\/FJA1157-Web-scaled.jpg\" alt=\"_FJA1157 Web\" itemprop=\"image\" height=\"1709\" width=\"2560\" title=\"_FJA1157 Web\" onerror=\"this.style.display='none'\"  \/>\n\t\t\t\t<\/a>\n\t<h3><b>Temple de Saiho-ji\u00a0<\/b><\/h3>\n<h3>Tamb\u00e9 anomenat Temple Kokedera o de la Molsa, una experi\u00e8ncia \u00fanica caminar per una preciosa estora verda de m\u00e9s de 120 tipus de molsa de diferents tonalitats que a la tardor contrasten amb el vermell dels aurons creant una estampa de postal.<\/h3>\n\t\t\t\t<a href=\"https:\/\/francesc-cescju.eu\/wp-content\/uploads\/2025\/02\/FJA1165-Web-scaled.jpg\"  target=\"_self\" itemprop=\"url\">\n\t\t\t\t<img loading=\"lazy\" decoding=\"async\" src=\"https:\/\/francesc-cescju.eu\/wp-content\/uploads\/2025\/02\/FJA1165-Web-scaled.jpg\" alt=\"_FJA1165 Web\" itemprop=\"image\" height=\"1709\" width=\"2560\" title=\"_FJA1165 Web\" onerror=\"this.style.display='none'\"  \/>\n\t\t\t\t<\/a>\n\t\t\t\t<a href=\"https:\/\/francesc-cescju.eu\/wp-content\/uploads\/2025\/02\/FJA1185-Web-scaled.jpg\"  target=\"_self\" itemprop=\"url\">\n\t\t\t\t<img loading=\"lazy\" decoding=\"async\" src=\"https:\/\/francesc-cescju.eu\/wp-content\/uploads\/2025\/02\/FJA1185-Web-scaled.jpg\" alt=\"_FJA1185 Web\" itemprop=\"image\" height=\"1709\" width=\"2560\" title=\"_FJA1185 Web\" onerror=\"this.style.display='none'\"  \/>\n\t\t\t\t<\/a>\n\t<h3><b>Temple de Ryoanji<\/b><\/h3>\n<h3>El seu jard\u00ed de roques fou reconvertit en temple zen al 1450, despr\u00e9s d&#8217;haver estat l&#8217;antiga resid\u00e8ncia d&#8217;una fam\u00edlia aristocr\u00e0tica japonesa.<\/h3>\n\t\t\t\t<a href=\"https:\/\/francesc-cescju.eu\/wp-content\/uploads\/2025\/02\/FJA1246-Web-scaled.jpg\"  target=\"_self\" itemprop=\"url\">\n\t\t\t\t<img loading=\"lazy\" decoding=\"async\" src=\"https:\/\/francesc-cescju.eu\/wp-content\/uploads\/2025\/02\/FJA1246-Web-scaled.jpg\" alt=\"_FJA1246 Web\" itemprop=\"image\" height=\"1709\" width=\"2560\" title=\"_FJA1246 Web\" onerror=\"this.style.display='none'\"  \/>\n\t\t\t\t<\/a>\n\t\t\t\t<a href=\"https:\/\/francesc-cescju.eu\/wp-content\/uploads\/2025\/02\/FJA1260-Web-scaled.jpg\"  target=\"_self\" itemprop=\"url\">\n\t\t\t\t<img loading=\"lazy\" decoding=\"async\" src=\"https:\/\/francesc-cescju.eu\/wp-content\/uploads\/2025\/02\/FJA1260-Web-scaled.jpg\" alt=\"_FJA1260 Web\" itemprop=\"image\" height=\"1709\" width=\"2560\" title=\"_FJA1260 Web\" onerror=\"this.style.display='none'\"  \/>\n\t\t\t\t<\/a>\n\t<h3><b>Jardins de Ritsurin a Takamatsu.\u00a0<\/b><\/h3>\n<h3>Considerats un dels jardins cl\u00e0ssics m\u00e9s bells de tot Jap\u00f3. Creats a principis del per\u00edode Edo, van trigar m\u00e9s de cent anys a acabar-los, i \u00e9s que estem parlant de 73 hect\u00e0rees amb estanys, turons artificials, una casa de te&#8230; Un aut\u00e8ntic plaer per als sentits.<\/h3>\n\t\t\t\t<a href=\"https:\/\/francesc-cescju.eu\/wp-content\/uploads\/2025\/02\/FJA1271-Web-scaled.jpg\"  target=\"_self\" itemprop=\"url\">\n\t\t\t\t<img loading=\"lazy\" decoding=\"async\" src=\"https:\/\/francesc-cescju.eu\/wp-content\/uploads\/2025\/02\/FJA1271-Web-scaled.jpg\" alt=\"_FJA1271 Web\" itemprop=\"image\" height=\"1709\" width=\"2560\" title=\"_FJA1271 Web\" onerror=\"this.style.display='none'\"  \/>\n\t\t\t\t<\/a>\n\t\t\t\t<a href=\"https:\/\/francesc-cescju.eu\/wp-content\/uploads\/2025\/02\/FJA1309-Web-scaled.jpg\"  target=\"_self\" itemprop=\"url\">\n\t\t\t\t<img loading=\"lazy\" decoding=\"async\" src=\"https:\/\/francesc-cescju.eu\/wp-content\/uploads\/2025\/02\/FJA1309-Web-scaled.jpg\" alt=\"_FJA1309 Web\" itemprop=\"image\" height=\"1709\" width=\"2560\" title=\"_FJA1309 Web\" onerror=\"this.style.display='none'\"  \/>\n\t\t\t\t<\/a>\n\t<h3><b>L&#8217;harmonia i la pau del jard\u00ed de Korakuen a Okayama.\u00a0<\/b><\/h3>\n<h3>Creat al 1700, Korakuen\u00a0 amb elegants i tranquils passejos entre cascades i llacs ben buc\u00f2lics, petits turons i boscos, i antigues cases de te. L&#8217;harmonia \u00e9s el tret caracter\u00edstic del Jard\u00ed de Korakuen que gr\u00e0cies als aurons i als cirerers, llueix tant a la primavera com a la tardor.<\/h3>\n\t\t\t\t<a href=\"https:\/\/francesc-cescju.eu\/wp-content\/uploads\/2025\/02\/FJA1398-Web-scaled.jpg\"  target=\"_self\" itemprop=\"url\">\n\t\t\t\t<img loading=\"lazy\" decoding=\"async\" src=\"https:\/\/francesc-cescju.eu\/wp-content\/uploads\/2025\/02\/FJA1398-Web-scaled.jpg\" alt=\"_FJA1398 Web\" itemprop=\"image\" height=\"1709\" width=\"2560\" title=\"_FJA1398 Web\" onerror=\"this.style.display='none'\"  \/>\n\t\t\t\t<\/a>\n\t\t\t\t<a href=\"https:\/\/francesc-cescju.eu\/wp-content\/uploads\/2025\/02\/FJA1401-Web-scaled.jpg\"  target=\"_self\" itemprop=\"url\">\n\t\t\t\t<img loading=\"lazy\" decoding=\"async\" src=\"https:\/\/francesc-cescju.eu\/wp-content\/uploads\/2025\/02\/FJA1401-Web-scaled.jpg\" alt=\"_FJA1401 Web\" itemprop=\"image\" height=\"1709\" width=\"2560\" title=\"_FJA1401 Web\" onerror=\"this.style.display='none'\"  \/>\n\t\t\t\t<\/a>\n\t<h3><b>La perfecci\u00f3 dels Jardins de Kenrouken a Kanazawa\u00a0<\/b><\/h3>\n<h3>Es un dels tres m\u00e9s bells de tot el Jap\u00f3. Tenen els sis elements sublims dels jardins perfectes segons una teoria xinesa: espai, a\u00efllament, artificialitat, antiguitat, aigua abundant i \u00e0mplies vistes. A la tardor, es pot gaudir d&#8217;aquest entorn amb els fant\u00e0stics tons rogencs de les fulles dels arbres.<\/h3>\n\t\t\t\t<a href=\"https:\/\/francesc-cescju.eu\/wp-content\/uploads\/2025\/02\/FJA1580-Web-scaled.jpg\"  target=\"_self\" itemprop=\"url\">\n\t\t\t\t<img loading=\"lazy\" decoding=\"async\" src=\"https:\/\/francesc-cescju.eu\/wp-content\/uploads\/2025\/02\/FJA1580-Web-scaled.jpg\" alt=\"_FJA1580 Web\" itemprop=\"image\" height=\"1709\" width=\"2560\" title=\"_FJA1580 Web\" onerror=\"this.style.display='none'\"  \/>\n\t\t\t\t<\/a>\n\t\t\t\t<a href=\"https:\/\/francesc-cescju.eu\/wp-content\/uploads\/2025\/02\/FJA1581-Web-scaled.jpg\"  target=\"_self\" itemprop=\"url\">\n\t\t\t\t<img loading=\"lazy\" decoding=\"async\" src=\"https:\/\/francesc-cescju.eu\/wp-content\/uploads\/2025\/02\/FJA1581-Web-scaled.jpg\" alt=\"_FJA1581 Web\" itemprop=\"image\" height=\"1709\" width=\"2560\" title=\"_FJA1581 Web\" onerror=\"this.style.display='none'\"  \/>\n\t\t\t\t<\/a>\n\t\t\t\t<a href=\"https:\/\/francesc-cescju.eu\/wp-content\/uploads\/2025\/02\/FJA1585-Web-scaled.jpg\"  target=\"_self\" itemprop=\"url\">\n\t\t\t\t<img loading=\"lazy\" decoding=\"async\" src=\"https:\/\/francesc-cescju.eu\/wp-content\/uploads\/2025\/02\/FJA1585-Web-scaled.jpg\" alt=\"_FJA1585 Web\" itemprop=\"image\" height=\"1709\" width=\"2560\" title=\"_FJA1585 Web\" onerror=\"this.style.display='none'\"  \/>\n\t\t\t\t<\/a>\n\t\t\t\t<img decoding=\"async\" src=\"https:\/\/francesc-cescju.eu\/wp-content\/plugins\/beaver-builder-lite-version\/img\/pixel.png\" alt=\"\" itemprop=\"image\" onerror=\"this.style.display='none'\"  \/>\n\t<h3><b>T\u00f2quio , espais verds i Art Contemporani\u00a0<\/b><\/h3>\n<h3>Creat originalment a finals del segle XVII com un jard\u00ed medicinal i que actualment pertany a la Universitat de T\u00f2quio, la m\u00e9s prestigiosa del pa\u00eds. S\u00b4hi pot admirar milers d&#8217;esp\u00e8cies d&#8217;arbres i plantes, a m\u00e9s d&#8217;un preci\u00f3s jard\u00ed japon\u00e8s.<\/h3>\n\t\t\t\t<a href=\"https:\/\/francesc-cescju.eu\/wp-content\/uploads\/2025\/02\/FJA1882-Web-scaled.jpg\"  target=\"_self\" itemprop=\"url\">\n\t\t\t\t<img loading=\"lazy\" decoding=\"async\" src=\"https:\/\/francesc-cescju.eu\/wp-content\/uploads\/2025\/02\/FJA1882-Web-scaled.jpg\" alt=\"_FJA1882 Web\" itemprop=\"image\" height=\"1709\" width=\"2560\" title=\"_FJA1882 Web\" onerror=\"this.style.display='none'\"  \/>\n\t\t\t\t<\/a>\n\t\t\t\t<a href=\"https:\/\/francesc-cescju.eu\/wp-content\/uploads\/2025\/02\/FJA1946-Web-scaled.jpg\"  target=\"_self\" itemprop=\"url\">\n\t\t\t\t<img loading=\"lazy\" decoding=\"async\" src=\"https:\/\/francesc-cescju.eu\/wp-content\/uploads\/2025\/02\/FJA1946-Web-scaled.jpg\" alt=\"_FJA1946 Web\" itemprop=\"image\" height=\"1709\" width=\"2560\" title=\"_FJA1946 Web\" onerror=\"this.style.display='none'\"  \/>\n\t\t\t\t<\/a>\n\n","protected":false},"excerpt":{"rendered":"<p>Exposici\u00f3 realitzada del 16 al 28 de febrer del 2025 a la Oficina de Turisme &#8220;Can Rovira&#8221; Sant Hilari Sacalm Jardins de Ginkaku-ji\u00a0 Kyoto \u00e9s la m\u00e9s tradicional de les antigues capitals nipones i tot un parad\u00eds per als aficionats als jardins, all\u00ed trobarem el temple budista i jardins de Ginkaku-ji (Pavell\u00f3 de Plata), erigit &hellip; <\/p>\n<p class=\"link-more\"><a href=\"https:\/\/francesc-cescju.eu\/?p=993\" class=\"more-link\">Continua llegint <span class=\"screen-reader-text\">\u00abTARDOR ALS JARDINS IMPERIALS DEL JAP\u00d3\u00bb<\/span><\/a><\/p>\n","protected":false},"author":1,"featured_media":0,"comment_status":"open","ping_status":"open","sticky":false,"template":"","format":"standard","meta":{"footnotes":""},"categories":[33,4],"tags":[],"class_list":["post-993","post","type-post","status-publish","format-standard","hentry","category-exposicions-presentades","category-les-meves-imatges"],"_links":{"self":[{"href":"https:\/\/francesc-cescju.eu\/index.php?rest_route=\/wp\/v2\/posts\/993","targetHints":{"allow":["GET"]}}],"collection":[{"href":"https:\/\/francesc-cescju.eu\/index.php?rest_route=\/wp\/v2\/posts"}],"about":[{"href":"https:\/\/francesc-cescju.eu\/index.php?rest_route=\/wp\/v2\/types\/post"}],"author":[{"embeddable":true,"href":"https:\/\/francesc-cescju.eu\/index.php?rest_route=\/wp\/v2\/users\/1"}],"replies":[{"embeddable":true,"href":"https:\/\/francesc-cescju.eu\/index.php?rest_route=%2Fwp%2Fv2%2Fcomments&post=993"}],"version-history":[{"count":8,"href":"https:\/\/francesc-cescju.eu\/index.php?rest_route=\/wp\/v2\/posts\/993\/revisions"}],"predecessor-version":[{"id":1037,"href":"https:\/\/francesc-cescju.eu\/index.php?rest_route=\/wp\/v2\/posts\/993\/revisions\/1037"}],"wp:attachment":[{"href":"https:\/\/francesc-cescju.eu\/index.php?rest_route=%2Fwp%2Fv2%2Fmedia&parent=993"}],"wp:term":[{"taxonomy":"category","embeddable":true,"href":"https:\/\/francesc-cescju.eu\/index.php?rest_route=%2Fwp%2Fv2%2Fcategories&post=993"},{"taxonomy":"post_tag","embeddable":true,"href":"https:\/\/francesc-cescju.eu\/index.php?rest_route=%2Fwp%2Fv2%2Ftags&post=993"}],"curies":[{"name":"wp","href":"https:\/\/api.w.org\/{rel}","templated":true}]}}