{"id":806,"date":"2022-04-22T17:40:16","date_gmt":"2022-04-22T17:40:16","guid":{"rendered":"https:\/\/francesc-cescju.eu\/?p=806"},"modified":"2025-02-03T18:45:51","modified_gmt":"2025-02-03T18:45:51","slug":"proper-concert-de-bols-a-sant-pere-de-ribes","status":"publish","type":"post","link":"https:\/\/francesc-cescju.eu\/?p=806","title":{"rendered":"CONCERT DE BOLS REALITZAT A SANT PERE DE RIBES"},"content":{"rendered":"\n\n\t\t\t\t<img loading=\"lazy\" decoding=\"async\" src=\"https:\/\/francesc-cescju.eu\/wp-content\/uploads\/2022\/04\/Instagram_concert-girasol-29_04_2022.jpg\" alt=\"Instagram_concert girasol 29_04_2022\" itemprop=\"image\" height=\"1350\" width=\"1080\" title=\"Instagram_concert girasol 29_04_2022\" onerror=\"this.style.display='none'\"  \/>\n\t<h3>Heu pogut observar que els bols son vibraci\u00f3.\u00a0<\/h3>\n<h3>Si el nostre cos est\u00e0 compost per un 75% d&#8217;aigua, els seus efectes s\u00f3n d&#8217;esperar.\u00a0<\/h3>\n<h3>El nostre cos es intel\u00b7ligent i recull la freq\u00fc\u00e8ncia que li fa falta.\u00a0<\/h3>\n<h3>Cal deixar-se portar per les sensacions.\u00a0<\/h3>\n<h3>Agra\u00efment a la Meritxell de l&#8217;Herbolari El Girasol per la confian\u00e7a i per donar-me l&#8217;oportunitat de poder transmetre i compartir la vibraci\u00f3 del Bols.<\/h3>\n<h3>GR\u00c0CIES A TOTES\/TOTS ELS QUE VAREU ASSISTIR.<\/h3>\n<p>&nbsp;<\/p>\n\n","protected":false},"excerpt":{"rendered":"<p>Heu pogut observar que els bols son vibraci\u00f3.\u00a0 Si el nostre cos est\u00e0 compost per un 75% d&#8217;aigua, els seus efectes s\u00f3n d&#8217;esperar.\u00a0 El nostre cos es intel\u00b7ligent i recull la freq\u00fc\u00e8ncia que li fa falta.\u00a0 Cal deixar-se portar per les sensacions.\u00a0 Agra\u00efment a la Meritxell de l&#8217;Herbolari El Girasol per la confian\u00e7a i per &hellip; <\/p>\n<p class=\"link-more\"><a href=\"https:\/\/francesc-cescju.eu\/?p=806\" class=\"more-link\">Continua llegint <span class=\"screen-reader-text\">\u00abCONCERT DE BOLS REALITZAT A SANT PERE DE RIBES\u00bb<\/span><\/a><\/p>\n","protected":false},"author":1,"featured_media":0,"comment_status":"open","ping_status":"open","sticky":false,"template":"","format":"standard","meta":{"footnotes":""},"categories":[10,13],"tags":[],"class_list":["post-806","post","type-post","status-publish","format-standard","hentry","category-que-estic-fent","category-banys-de-so-realitzats"],"_links":{"self":[{"href":"https:\/\/francesc-cescju.eu\/index.php?rest_route=\/wp\/v2\/posts\/806","targetHints":{"allow":["GET"]}}],"collection":[{"href":"https:\/\/francesc-cescju.eu\/index.php?rest_route=\/wp\/v2\/posts"}],"about":[{"href":"https:\/\/francesc-cescju.eu\/index.php?rest_route=\/wp\/v2\/types\/post"}],"author":[{"embeddable":true,"href":"https:\/\/francesc-cescju.eu\/index.php?rest_route=\/wp\/v2\/users\/1"}],"replies":[{"embeddable":true,"href":"https:\/\/francesc-cescju.eu\/index.php?rest_route=%2Fwp%2Fv2%2Fcomments&post=806"}],"version-history":[{"count":11,"href":"https:\/\/francesc-cescju.eu\/index.php?rest_route=\/wp\/v2\/posts\/806\/revisions"}],"predecessor-version":[{"id":938,"href":"https:\/\/francesc-cescju.eu\/index.php?rest_route=\/wp\/v2\/posts\/806\/revisions\/938"}],"wp:attachment":[{"href":"https:\/\/francesc-cescju.eu\/index.php?rest_route=%2Fwp%2Fv2%2Fmedia&parent=806"}],"wp:term":[{"taxonomy":"category","embeddable":true,"href":"https:\/\/francesc-cescju.eu\/index.php?rest_route=%2Fwp%2Fv2%2Fcategories&post=806"},{"taxonomy":"post_tag","embeddable":true,"href":"https:\/\/francesc-cescju.eu\/index.php?rest_route=%2Fwp%2Fv2%2Ftags&post=806"}],"curies":[{"name":"wp","href":"https:\/\/api.w.org\/{rel}","templated":true}]}}