{"id":770,"date":"2021-10-24T16:35:37","date_gmt":"2021-10-24T16:35:37","guid":{"rendered":"https:\/\/francesc-cescju.eu\/?p=770"},"modified":"2025-02-03T18:49:42","modified_gmt":"2025-02-03T18:49:42","slug":"770","status":"publish","type":"post","link":"https:\/\/francesc-cescju.eu\/?p=770","title":{"rendered":"Concert Solidari a Sant Pere de Ribes"},"content":{"rendered":"\n\n\t<h2>Agra\u00efment<\/h2>\n<h2><strong>Un cop m\u00e9s agrair poder participar en un acte de solidaritat ple de gent amb cor.<\/strong><\/h2>\n<h2><strong>Gr\u00e0cies, Gr\u00e0cies, Gr\u00e0cies<\/strong><\/h2>\n\n\t\t\t\t<a href=\"https:\/\/francesc-cescju.eu\/wp-content\/uploads\/2021\/10\/7277d34e-6896-49a7-8184-fb5add1329f1.jpg\"  target=\"_self\" itemprop=\"url\">\n\t\t\t\t<img loading=\"lazy\" decoding=\"async\" src=\"https:\/\/francesc-cescju.eu\/wp-content\/uploads\/2021\/10\/7277d34e-6896-49a7-8184-fb5add1329f1.jpg\" alt=\"7277d34e-6896-49a7-8184-fb5add1329f1\" itemprop=\"image\" height=\"1200\" width=\"1600\" title=\"7277d34e-6896-49a7-8184-fb5add1329f1\" onerror=\"this.style.display='none'\"  \/>\n\t\t\t\t<\/a>\n\t\t\t\t<a href=\"https:\/\/francesc-cescju.eu\/wp-content\/uploads\/2021\/10\/DSC8558-scaled.jpg\"  target=\"_self\" itemprop=\"url\">\n\t\t\t\t<img loading=\"lazy\" decoding=\"async\" src=\"https:\/\/francesc-cescju.eu\/wp-content\/uploads\/2021\/10\/DSC8558-scaled.jpg\" alt=\"_DSC8558\" itemprop=\"image\" height=\"1707\" width=\"2560\" title=\"_DSC8558\" onerror=\"this.style.display='none'\"  \/>\n\t\t\t\t<\/a>\n\t\t\t\t<a href=\"https:\/\/francesc-cescju.eu\/wp-content\/uploads\/2021\/10\/Presentacio-1.png\"  target=\"_self\" itemprop=\"url\">\n\t\t\t\t<img loading=\"lazy\" decoding=\"async\" src=\"https:\/\/francesc-cescju.eu\/wp-content\/uploads\/2021\/10\/Presentacio-1.png\" alt=\"Presentaci\u00f3 1\" itemprop=\"image\" height=\"2148\" width=\"2158\" title=\"Presentaci\u00f3 1\" onerror=\"this.style.display='none'\"  \/>\n\t\t\t\t<\/a>\n\t\t\t\t<a href=\"https:\/\/francesc-cescju.eu\/wp-content\/uploads\/2021\/10\/Presentacio-2.png\"  target=\"_self\" itemprop=\"url\">\n\t\t\t\t<img loading=\"lazy\" decoding=\"async\" src=\"https:\/\/francesc-cescju.eu\/wp-content\/uploads\/2021\/10\/Presentacio-2.png\" alt=\"Presentaci\u00f3 2\" itemprop=\"image\" height=\"2162\" width=\"2158\" title=\"Presentaci\u00f3 2\" onerror=\"this.style.display='none'\"  \/>\n\t\t\t\t<\/a>\n\t\t\t\t<a href=\"https:\/\/francesc-cescju.eu\/wp-content\/uploads\/2021\/10\/Presentacio-3.png\"  target=\"_self\" itemprop=\"url\">\n\t\t\t\t<img loading=\"lazy\" decoding=\"async\" src=\"https:\/\/francesc-cescju.eu\/wp-content\/uploads\/2021\/10\/Presentacio-3.png\" alt=\"Presentaci\u00f3 3\" itemprop=\"image\" height=\"2158\" width=\"2162\" title=\"Presentaci\u00f3 3\" onerror=\"this.style.display='none'\"  \/>\n\t\t\t\t<\/a>\n\t\t\t\t<a href=\"https:\/\/francesc-cescju.eu\/wp-content\/uploads\/2021\/10\/Presentacio-4.png\"  target=\"_self\" itemprop=\"url\">\n\t\t\t\t<img loading=\"lazy\" decoding=\"async\" src=\"https:\/\/francesc-cescju.eu\/wp-content\/uploads\/2021\/10\/Presentacio-4.png\" alt=\"Presentaci\u00f3 4\" itemprop=\"image\" height=\"2158\" width=\"2158\" title=\"Presentaci\u00f3 4\" onerror=\"this.style.display='none'\"  \/>\n\t\t\t\t<\/a>\n\t\t\t\t<a href=\"https:\/\/francesc-cescju.eu\/wp-content\/uploads\/2021\/10\/Presentacio-5.png\"  target=\"_self\" itemprop=\"url\">\n\t\t\t\t<img loading=\"lazy\" decoding=\"async\" src=\"https:\/\/francesc-cescju.eu\/wp-content\/uploads\/2021\/10\/Presentacio-5.png\" alt=\"Presentaci\u00f3 5\" itemprop=\"image\" height=\"2158\" width=\"2164\" title=\"Presentaci\u00f3 5\" onerror=\"this.style.display='none'\"  \/>\n\t\t\t\t<\/a>\n\n","protected":false},"excerpt":{"rendered":"<p>Agra\u00efment Un cop m\u00e9s agrair poder participar en un acte de solidaritat ple de gent amb cor. Gr\u00e0cies, Gr\u00e0cies, Gr\u00e0cies<\/p>\n","protected":false},"author":1,"featured_media":0,"comment_status":"open","ping_status":"open","sticky":false,"template":"","format":"standard","meta":{"footnotes":""},"categories":[10,13],"tags":[],"class_list":["post-770","post","type-post","status-publish","format-standard","hentry","category-que-estic-fent","category-banys-de-so-realitzats"],"_links":{"self":[{"href":"https:\/\/francesc-cescju.eu\/index.php?rest_route=\/wp\/v2\/posts\/770","targetHints":{"allow":["GET"]}}],"collection":[{"href":"https:\/\/francesc-cescju.eu\/index.php?rest_route=\/wp\/v2\/posts"}],"about":[{"href":"https:\/\/francesc-cescju.eu\/index.php?rest_route=\/wp\/v2\/types\/post"}],"author":[{"embeddable":true,"href":"https:\/\/francesc-cescju.eu\/index.php?rest_route=\/wp\/v2\/users\/1"}],"replies":[{"embeddable":true,"href":"https:\/\/francesc-cescju.eu\/index.php?rest_route=%2Fwp%2Fv2%2Fcomments&post=770"}],"version-history":[{"count":8,"href":"https:\/\/francesc-cescju.eu\/index.php?rest_route=\/wp\/v2\/posts\/770\/revisions"}],"predecessor-version":[{"id":941,"href":"https:\/\/francesc-cescju.eu\/index.php?rest_route=\/wp\/v2\/posts\/770\/revisions\/941"}],"wp:attachment":[{"href":"https:\/\/francesc-cescju.eu\/index.php?rest_route=%2Fwp%2Fv2%2Fmedia&parent=770"}],"wp:term":[{"taxonomy":"category","embeddable":true,"href":"https:\/\/francesc-cescju.eu\/index.php?rest_route=%2Fwp%2Fv2%2Fcategories&post=770"},{"taxonomy":"post_tag","embeddable":true,"href":"https:\/\/francesc-cescju.eu\/index.php?rest_route=%2Fwp%2Fv2%2Ftags&post=770"}],"curies":[{"name":"wp","href":"https:\/\/api.w.org\/{rel}","templated":true}]}}