{"id":724,"date":"2021-06-19T15:09:13","date_gmt":"2021-06-19T15:09:13","guid":{"rendered":"https:\/\/francesc-cescju.eu\/?p=724"},"modified":"2025-02-03T18:53:10","modified_gmt":"2025-02-03T18:53:10","slug":"724","status":"publish","type":"post","link":"https:\/\/francesc-cescju.eu\/?p=724","title":{"rendered":"M\u00f3n de Cavalls"},"content":{"rendered":"\n\n\t<h2>Sovint som ignorants de moltes coses i ens cal alg\u00fa que ens acompanyi, que ens gui\u00ef pel\u00a0 m\u00f3n del desconegut.<\/h2>\n<h2>Quant trobes gent que viu amb passi\u00f3 all\u00f2 que li agrada \u00e9s f\u00e0cil que perdis la noci\u00f3 del temps, sols vols escoltar, entendre, preguntar i sempre tens resposta.\u00a0<\/h2>\n<h2>\u00c9s el cas de la Gretell i la Bego\u00f1a, dos professionals en el m\u00f3n del Coaching amb Cavalls. \u00c9s gr\u00e0cies a elles que he pogut apropar-m&#8217;hi i perdre la por del desconegut. Trobar persones amb aquesta sensibilitat i respecte fa f\u00e0cil veure el cam\u00ed de la pau, en definitiva, ajudar-te a trobar-te a tu mateix.\u00a0<\/h2>\n<h2>Les imatges que acompanyo s\u00f3n el reflex del qu\u00e8 sento, de com les veig a elles. S\u00f3n el pont entre tu i els cavalls.\u00a0<\/h2>\n<h2>Agra\u00efments a:<\/h2>\n<h2><a href=\"https:\/\/instagram.com\/montriana_horses_expressions?utm_medium=copy_link\">https:\/\/instagram.com\/montriana_horses_expressions?utm_medium=copy_link <\/a><\/h2>\n<h2>i<\/h2>\n<h2><a href=\"https:\/\/instagram.com\/gretellvalk?utm_medium=copy_link\">https:\/\/instagram.com\/gretellvalk?utm_medium=copy_link<\/a><\/h2>\n\t\t\t\t<a href=\"https:\/\/francesc-cescju.eu\/wp-content\/uploads\/2021\/06\/CES1443-copia.jpg\"  target=\"_self\" itemprop=\"url\">\n\t\t\t\t<img loading=\"lazy\" decoding=\"async\" src=\"https:\/\/francesc-cescju.eu\/wp-content\/uploads\/2021\/06\/CES1443-copia.jpg\" alt=\"_CES1443 copia\" itemprop=\"image\" height=\"5504\" width=\"8256\" title=\"_CES1443 copia\" onerror=\"this.style.display='none'\"  \/>\n\t\t\t\t<\/a>\n\t\t\t\t<a href=\"https:\/\/francesc-cescju.eu\/wp-content\/uploads\/2021\/06\/CES1811-copia.jpg\"  target=\"_self\" itemprop=\"url\">\n\t\t\t\t<img loading=\"lazy\" decoding=\"async\" src=\"https:\/\/francesc-cescju.eu\/wp-content\/uploads\/2021\/06\/CES1811-copia.jpg\" alt=\"_CES1811 copia\" itemprop=\"image\" height=\"5504\" width=\"8256\" title=\"_CES1811 copia\" onerror=\"this.style.display='none'\"  \/>\n\t\t\t\t<\/a>\n\t\t\t\t<a href=\"https:\/\/francesc-cescju.eu\/wp-content\/uploads\/2021\/06\/CES1380-copia.jpg\"  target=\"_self\" itemprop=\"url\">\n\t\t\t\t<img loading=\"lazy\" decoding=\"async\" src=\"https:\/\/francesc-cescju.eu\/wp-content\/uploads\/2021\/06\/CES1380-copia.jpg\" alt=\"_CES1380 copia\" itemprop=\"image\" height=\"5504\" width=\"8256\" title=\"_CES1380 copia\" onerror=\"this.style.display='none'\"  \/>\n\t\t\t\t<\/a>\n\t\t\t\t<a href=\"https:\/\/francesc-cescju.eu\/wp-content\/uploads\/2021\/06\/CES1853-copia.jpg\"  target=\"_self\" itemprop=\"url\">\n\t\t\t\t<img loading=\"lazy\" decoding=\"async\" src=\"https:\/\/francesc-cescju.eu\/wp-content\/uploads\/2021\/06\/CES1853-copia.jpg\" alt=\"_CES1853 copia\" itemprop=\"image\" height=\"5504\" width=\"8256\" title=\"_CES1853 copia\" onerror=\"this.style.display='none'\"  \/>\n\t\t\t\t<\/a>\n\t<h3>Vestuari Gemma Mal\u00e9<\/h3>\n<p><a href=\"https:\/\/www.google.com\/url?sa=t&amp;rct=j&amp;q=&amp;esrc=s&amp;source=web&amp;cd=&amp;cad=rja&amp;uact=8&amp;ved=2ahUKEwjiiP7n_KPxAhWK4IUKHTFzB0kQFjAVegQIChAD&amp;url=https%3A%2F%2Fwww.youtube.com%2Fchannel%2FUCniXl31FYBT2Z_IciwzDs0Q&amp;usg=AOvVaw2EwXVOKkwK9eronz1TOyK6\">Gemma Mal\u00e9 &#8211; YouTubehttps:\/\/www.youtube.com \u203a channel<\/a><\/p>\n\n","protected":false},"excerpt":{"rendered":"<p>Sovint som ignorants de moltes coses i ens cal alg\u00fa que ens acompanyi, que ens gui\u00ef pel\u00a0 m\u00f3n del desconegut. Quant trobes gent que viu amb passi\u00f3 all\u00f2 que li agrada \u00e9s f\u00e0cil que perdis la noci\u00f3 del temps, sols vols escoltar, entendre, preguntar i sempre tens resposta.\u00a0 \u00c9s el cas de la Gretell i &hellip; <\/p>\n<p class=\"link-more\"><a href=\"https:\/\/francesc-cescju.eu\/?p=724\" class=\"more-link\">Continua llegint <span class=\"screen-reader-text\">\u00abM\u00f3n de Cavalls\u00bb<\/span><\/a><\/p>\n","protected":false},"author":1,"featured_media":0,"comment_status":"open","ping_status":"open","sticky":false,"template":"","format":"standard","meta":{"footnotes":""},"categories":[7,4],"tags":[],"class_list":["post-724","post","type-post","status-publish","format-standard","hentry","category-que-es-o-qui-es","category-les-meves-imatges"],"_links":{"self":[{"href":"https:\/\/francesc-cescju.eu\/index.php?rest_route=\/wp\/v2\/posts\/724","targetHints":{"allow":["GET"]}}],"collection":[{"href":"https:\/\/francesc-cescju.eu\/index.php?rest_route=\/wp\/v2\/posts"}],"about":[{"href":"https:\/\/francesc-cescju.eu\/index.php?rest_route=\/wp\/v2\/types\/post"}],"author":[{"embeddable":true,"href":"https:\/\/francesc-cescju.eu\/index.php?rest_route=\/wp\/v2\/users\/1"}],"replies":[{"embeddable":true,"href":"https:\/\/francesc-cescju.eu\/index.php?rest_route=%2Fwp%2Fv2%2Fcomments&post=724"}],"version-history":[{"count":8,"href":"https:\/\/francesc-cescju.eu\/index.php?rest_route=\/wp\/v2\/posts\/724\/revisions"}],"predecessor-version":[{"id":943,"href":"https:\/\/francesc-cescju.eu\/index.php?rest_route=\/wp\/v2\/posts\/724\/revisions\/943"}],"wp:attachment":[{"href":"https:\/\/francesc-cescju.eu\/index.php?rest_route=%2Fwp%2Fv2%2Fmedia&parent=724"}],"wp:term":[{"taxonomy":"category","embeddable":true,"href":"https:\/\/francesc-cescju.eu\/index.php?rest_route=%2Fwp%2Fv2%2Fcategories&post=724"},{"taxonomy":"post_tag","embeddable":true,"href":"https:\/\/francesc-cescju.eu\/index.php?rest_route=%2Fwp%2Fv2%2Ftags&post=724"}],"curies":[{"name":"wp","href":"https:\/\/api.w.org\/{rel}","templated":true}]}}