{"id":709,"date":"2021-06-17T10:33:44","date_gmt":"2021-06-17T10:33:44","guid":{"rendered":"https:\/\/francesc-cescju.eu\/?p=709"},"modified":"2025-02-08T11:56:26","modified_gmt":"2025-02-08T11:56:26","slug":"709","status":"publish","type":"post","link":"https:\/\/francesc-cescju.eu\/?p=709","title":{"rendered":"Concert realitzat a l&#8217;espai Entrenament en Femen\u00ed de S\u00edlvia Wang."},"content":{"rendered":"\n\n\t\t\t\t<a href=\"https:\/\/francesc-cescju.eu\/wp-content\/uploads\/2021\/06\/Adriana-FranCesc-Girona-02072021.jpeg\"  target=\"_self\" itemprop=\"url\">\n\t\t\t\t<img loading=\"lazy\" decoding=\"async\" src=\"https:\/\/francesc-cescju.eu\/wp-content\/uploads\/2021\/06\/Adriana-FranCesc-Girona-02072021.jpeg\" alt=\"Adriana &amp; FranCesc Girona 02:07:2021\" itemprop=\"image\" height=\"1080\" width=\"1080\" title=\"Adriana &amp; FranCesc Girona 02:07:2021\" onerror=\"this.style.display='none'\"  \/>\n\t\t\t\t<\/a>\n\t\t\t\t<a href=\"https:\/\/francesc-cescju.eu\/wp-content\/uploads\/2021\/06\/Concert-Girona-10.jpg\"  target=\"_self\" itemprop=\"url\">\n\t\t\t\t<img loading=\"lazy\" decoding=\"async\" src=\"https:\/\/francesc-cescju.eu\/wp-content\/uploads\/2021\/06\/Concert-Girona-10.jpg\" alt=\"Concert Girona 10\" itemprop=\"image\" height=\"1200\" width=\"1600\" title=\"Concert Girona 10\" onerror=\"this.style.display='none'\"  \/>\n\t\t\t\t<\/a>\n\t<h3>Una vegada m\u00e9s agrair a S\u00edlvia Wang per oferir el seu espai d&#8217;Entrenament en Femen\u00ed, una gran abra\u00e7ada per Adriana Pag\u00e8s per les seves paraules, i a tots els assistents per deixar-se portar per la vibraci\u00f3 dels Bols.<\/h3>\n<p>Paraules amb sentiment per part de l&#8217;Adriana Pag\u00e8s<\/p>\n<p>Bols Tibetans amb Francesc Juan<\/p>\n\n","protected":false},"excerpt":{"rendered":"<p>Una vegada m\u00e9s agrair a S\u00edlvia Wang per oferir el seu espai d&#8217;Entrenament en Femen\u00ed, una gran abra\u00e7ada per Adriana Pag\u00e8s per les seves paraules, i a tots els assistents per deixar-se portar per la vibraci\u00f3 dels Bols. Paraules amb sentiment per part de l&#8217;Adriana Pag\u00e8s Bols Tibetans amb Francesc Juan<\/p>\n","protected":false},"author":1,"featured_media":0,"comment_status":"open","ping_status":"open","sticky":false,"template":"","format":"standard","meta":{"footnotes":""},"categories":[10,13],"tags":[],"class_list":["post-709","post","type-post","status-publish","format-standard","hentry","category-que-estic-fent","category-banys-de-so-realitzats"],"_links":{"self":[{"href":"https:\/\/francesc-cescju.eu\/index.php?rest_route=\/wp\/v2\/posts\/709","targetHints":{"allow":["GET"]}}],"collection":[{"href":"https:\/\/francesc-cescju.eu\/index.php?rest_route=\/wp\/v2\/posts"}],"about":[{"href":"https:\/\/francesc-cescju.eu\/index.php?rest_route=\/wp\/v2\/types\/post"}],"author":[{"embeddable":true,"href":"https:\/\/francesc-cescju.eu\/index.php?rest_route=\/wp\/v2\/users\/1"}],"replies":[{"embeddable":true,"href":"https:\/\/francesc-cescju.eu\/index.php?rest_route=%2Fwp%2Fv2%2Fcomments&post=709"}],"version-history":[{"count":14,"href":"https:\/\/francesc-cescju.eu\/index.php?rest_route=\/wp\/v2\/posts\/709\/revisions"}],"predecessor-version":[{"id":945,"href":"https:\/\/francesc-cescju.eu\/index.php?rest_route=\/wp\/v2\/posts\/709\/revisions\/945"}],"wp:attachment":[{"href":"https:\/\/francesc-cescju.eu\/index.php?rest_route=%2Fwp%2Fv2%2Fmedia&parent=709"}],"wp:term":[{"taxonomy":"category","embeddable":true,"href":"https:\/\/francesc-cescju.eu\/index.php?rest_route=%2Fwp%2Fv2%2Fcategories&post=709"},{"taxonomy":"post_tag","embeddable":true,"href":"https:\/\/francesc-cescju.eu\/index.php?rest_route=%2Fwp%2Fv2%2Ftags&post=709"}],"curies":[{"name":"wp","href":"https:\/\/api.w.org\/{rel}","templated":true}]}}