{"id":572,"date":"2021-02-21T16:51:56","date_gmt":"2021-02-21T16:51:56","guid":{"rendered":"https:\/\/francesc-cescju.eu\/?p=572"},"modified":"2021-02-21T16:52:36","modified_gmt":"2021-02-21T16:52:36","slug":"natura-2","status":"publish","type":"post","link":"https:\/\/francesc-cescju.eu\/?p=572","title":{"rendered":"NATURA"},"content":{"rendered":"\n<h2>Un seguit de sensacions corren per dins meu a l&#8217;hora d&#8217;abra\u00e7ar un arbre. M&#8217;acosto amb respecte, demano perm\u00eds i prenc contacte. El resultat \u00e9s sorprenent, de cop circula un corrent en sentit vertical, anant del meu cap fins les arrels del arbre, observo com es buida el meu cos de corrents negatives, amb la sensaci\u00f3 de com si m&#8217;alluny\u00e9s a alta velocitat i em poso receptiu a les corrents renovades, al finalitzar dono les gr\u00e0cies i em separo tot mirant l&#8217;arbre.<\/h2>\n\t\t\t\t<a href=\"https:\/\/francesc-cescju.eu\/wp-content\/uploads\/2021\/02\/FJA4503_petit-scaled.jpg\" target=\"_self\" itemprop=\"url\" rel=\"noopener\">\n\t\t\t\t<img loading=\"lazy\" decoding=\"async\" src=\"https:\/\/francesc-cescju.eu\/wp-content\/uploads\/2021\/02\/FJA4503_petit-scaled.jpg\" alt=\"_FJA4503_petit\" itemprop=\"image\" height=\"1709\" width=\"2560\" title=\"_FJA4503_petit\" onerror=\"this.style.display='none'\">\n\t\t\t\t<\/a>\n\t\t\t\t<a href=\"https:\/\/francesc-cescju.eu\/wp-content\/uploads\/2021\/02\/FJA6122_petit-scaled.jpg\" target=\"_self\" itemprop=\"url\" rel=\"noopener\">\n\t\t\t\t<img loading=\"lazy\" decoding=\"async\" src=\"https:\/\/francesc-cescju.eu\/wp-content\/uploads\/2021\/02\/FJA6122_petit-scaled.jpg\" alt=\"_FJA6122_petit\" itemprop=\"image\" height=\"1709\" width=\"2560\" title=\"_FJA6122_petit\" onerror=\"this.style.display='none'\">\n\t\t\t\t<\/a>\n\t\t\t\t<a href=\"https:\/\/francesc-cescju.eu\/wp-content\/uploads\/2021\/02\/FJA5786_petit-scaled.jpg\" target=\"_self\" itemprop=\"url\" rel=\"noopener\">\n\t\t\t\t<img loading=\"lazy\" decoding=\"async\" src=\"https:\/\/francesc-cescju.eu\/wp-content\/uploads\/2021\/02\/FJA5786_petit-scaled.jpg\" alt=\"_FJA5786_petit\" itemprop=\"image\" height=\"1709\" width=\"2560\" title=\"_FJA5786_petit\" onerror=\"this.style.display='none'\">\n\t\t\t\t<\/a>\n","protected":false},"excerpt":{"rendered":"<p>Un seguit de sensacions corren per dins meu a l&#8217;hora d&#8217;abra\u00e7ar un arbre. M&#8217;acosto amb respecte, demano perm\u00eds i prenc contacte. El resultat \u00e9s sorprenent, de cop circula un corrent en sentit vertical, anant del meu cap fins les arrels del arbre, observo com es buida el meu cos de corrents negatives, amb la sensaci\u00f3 &hellip; <\/p>\n<p class=\"link-more\"><a href=\"https:\/\/francesc-cescju.eu\/?p=572\" class=\"more-link\">Continua llegint <span class=\"screen-reader-text\">\u00abNATURA\u00bb<\/span><\/a><\/p>\n","protected":false},"author":1,"featured_media":0,"comment_status":"open","ping_status":"open","sticky":false,"template":"","format":"standard","meta":{"footnotes":""},"categories":[4,5],"tags":[21],"class_list":["post-572","post","type-post","status-publish","format-standard","hentry","category-les-meves-imatges","category-imatges-de-la-natura","tag-blog"],"_links":{"self":[{"href":"https:\/\/francesc-cescju.eu\/index.php?rest_route=\/wp\/v2\/posts\/572","targetHints":{"allow":["GET"]}}],"collection":[{"href":"https:\/\/francesc-cescju.eu\/index.php?rest_route=\/wp\/v2\/posts"}],"about":[{"href":"https:\/\/francesc-cescju.eu\/index.php?rest_route=\/wp\/v2\/types\/post"}],"author":[{"embeddable":true,"href":"https:\/\/francesc-cescju.eu\/index.php?rest_route=\/wp\/v2\/users\/1"}],"replies":[{"embeddable":true,"href":"https:\/\/francesc-cescju.eu\/index.php?rest_route=%2Fwp%2Fv2%2Fcomments&post=572"}],"version-history":[{"count":3,"href":"https:\/\/francesc-cescju.eu\/index.php?rest_route=\/wp\/v2\/posts\/572\/revisions"}],"predecessor-version":[{"id":576,"href":"https:\/\/francesc-cescju.eu\/index.php?rest_route=\/wp\/v2\/posts\/572\/revisions\/576"}],"wp:attachment":[{"href":"https:\/\/francesc-cescju.eu\/index.php?rest_route=%2Fwp%2Fv2%2Fmedia&parent=572"}],"wp:term":[{"taxonomy":"category","embeddable":true,"href":"https:\/\/francesc-cescju.eu\/index.php?rest_route=%2Fwp%2Fv2%2Fcategories&post=572"},{"taxonomy":"post_tag","embeddable":true,"href":"https:\/\/francesc-cescju.eu\/index.php?rest_route=%2Fwp%2Fv2%2Ftags&post=572"}],"curies":[{"name":"wp","href":"https:\/\/api.w.org\/{rel}","templated":true}]}}