{"id":175,"date":"2021-02-04T18:24:19","date_gmt":"2021-02-04T18:24:19","guid":{"rendered":"https:\/\/francesc-cescju.eu\/?p=175"},"modified":"2025-02-15T17:54:39","modified_gmt":"2025-02-15T17:54:39","slug":"col%c2%b7laboracio-amb-transalquimia","status":"publish","type":"post","link":"https:\/\/francesc-cescju.eu\/?p=175","title":{"rendered":"COL\u00b7LABORACI\u00d3 AMB TRANSALQUIMIA"},"content":{"rendered":"\n<p style=\"font-size:25px\">Banys de bosc, pau, silenci i sensibilitat. Va ser la meva primera experi\u00e8ncia en concerts a la Natura i poder-ho compartir amb uns acompanyants incre\u00efbles, els ocells en el seu entorn, \u00e9s d\u2019aquell viatge que no pots oblidar mai. Gr\u00e0cies a la <strong>Diana i al Xavier<\/strong> de T<strong>ransalquimia <\/strong>per aquest regal. Tamb\u00e9 he col\u00b7laborat en un retir que van organitzar on\u00a0 tot era autentica harmonia, espero repetir-ho.<\/p>\n\n\n\n<p style=\"font-size:25px\"><strong>Molt agra\u00eft,  Diana i Xavier<\/strong>.<\/p>\n\n\n\n<figure class=\"wp-block-image size-large is-resized\"><img loading=\"lazy\" decoding=\"async\" src=\"https:\/\/francesc-cescju.eu\/wp-content\/uploads\/2021\/02\/DSC7367-1-1024x683.jpg\" alt=\"\" class=\"wp-image-177\" width=\"634\" height=\"422\" srcset=\"https:\/\/francesc-cescju.eu\/wp-content\/uploads\/2021\/02\/DSC7367-1-1024x683.jpg 1024w, https:\/\/francesc-cescju.eu\/wp-content\/uploads\/2021\/02\/DSC7367-1-300x200.jpg 300w, https:\/\/francesc-cescju.eu\/wp-content\/uploads\/2021\/02\/DSC7367-1-768x512.jpg 768w, https:\/\/francesc-cescju.eu\/wp-content\/uploads\/2021\/02\/DSC7367-1-1536x1024.jpg 1536w, https:\/\/francesc-cescju.eu\/wp-content\/uploads\/2021\/02\/DSC7367-1-2048x1365.jpg 2048w\" sizes=\"auto, (max-width: 634px) 100vw, 634px\" \/><\/figure>\n\n\n\n<p style=\"font-size:25px\"><a href=\"https:\/\/www.transalquimia.org\" target=\"_blank\" rel=\"noreferrer noopener\">https:\/\/www.transalquimia.org<\/a><\/p>\n","protected":false},"excerpt":{"rendered":"<p>Banys de bosc, pau, silenci i sensibilitat. Va ser la meva primera experi\u00e8ncia en concerts a la Natura i poder-ho compartir amb uns acompanyants incre\u00efbles, els ocells en el seu entorn, \u00e9s d\u2019aquell viatge que no pots oblidar mai. Gr\u00e0cies a la Diana i al Xavier de Transalquimia per aquest regal. Tamb\u00e9 he col\u00b7laborat en &hellip; <\/p>\n<p class=\"link-more\"><a href=\"https:\/\/francesc-cescju.eu\/?p=175\" class=\"more-link\">Continua llegint <span class=\"screen-reader-text\">\u00abCOL\u00b7LABORACI\u00d3 AMB TRANSALQUIMIA\u00bb<\/span><\/a><\/p>\n","protected":false},"author":1,"featured_media":0,"comment_status":"open","ping_status":"open","sticky":false,"template":"","format":"standard","meta":{"footnotes":""},"categories":[10,14],"tags":[25],"class_list":["post-175","post","type-post","status-publish","format-standard","hentry","category-que-estic-fent","category-collaboracions","tag-concerts-fets"],"_links":{"self":[{"href":"https:\/\/francesc-cescju.eu\/index.php?rest_route=\/wp\/v2\/posts\/175","targetHints":{"allow":["GET"]}}],"collection":[{"href":"https:\/\/francesc-cescju.eu\/index.php?rest_route=\/wp\/v2\/posts"}],"about":[{"href":"https:\/\/francesc-cescju.eu\/index.php?rest_route=\/wp\/v2\/types\/post"}],"author":[{"embeddable":true,"href":"https:\/\/francesc-cescju.eu\/index.php?rest_route=\/wp\/v2\/users\/1"}],"replies":[{"embeddable":true,"href":"https:\/\/francesc-cescju.eu\/index.php?rest_route=%2Fwp%2Fv2%2Fcomments&post=175"}],"version-history":[{"count":3,"href":"https:\/\/francesc-cescju.eu\/index.php?rest_route=\/wp\/v2\/posts\/175\/revisions"}],"predecessor-version":[{"id":514,"href":"https:\/\/francesc-cescju.eu\/index.php?rest_route=\/wp\/v2\/posts\/175\/revisions\/514"}],"wp:attachment":[{"href":"https:\/\/francesc-cescju.eu\/index.php?rest_route=%2Fwp%2Fv2%2Fmedia&parent=175"}],"wp:term":[{"taxonomy":"category","embeddable":true,"href":"https:\/\/francesc-cescju.eu\/index.php?rest_route=%2Fwp%2Fv2%2Fcategories&post=175"},{"taxonomy":"post_tag","embeddable":true,"href":"https:\/\/francesc-cescju.eu\/index.php?rest_route=%2Fwp%2Fv2%2Ftags&post=175"}],"curies":[{"name":"wp","href":"https:\/\/api.w.org\/{rel}","templated":true}]}}