{"id":172,"date":"2021-02-04T18:20:40","date_gmt":"2021-02-04T18:20:40","guid":{"rendered":"https:\/\/francesc-cescju.eu\/?p=172"},"modified":"2025-02-15T17:54:48","modified_gmt":"2025-02-15T17:54:48","slug":"col%c2%b7laboracio-amb-mercat-de-les-especies-dargencola","status":"publish","type":"post","link":"https:\/\/francesc-cescju.eu\/?p=172","title":{"rendered":"COL\u00b7LABORACI\u00d3 AMB MERCAT DE LES ESP\u00c8CIES D&#8217;ARGEN\u00c7OLA"},"content":{"rendered":"\n<p style=\"font-size:25px\">Una fira molt recomanable \u00e9s la del <strong>Mercat de les Esp\u00e8cies d\u2019Argen\u00e7ola<\/strong>. Poder participar en un esdeveniment tan anomenat \u00e9s un privilegi i fer-ho a l\u2019esgl\u00e9sia del poble, no t\u00e9 paraules.&nbsp;<\/p>\n\n\n\n<p style=\"font-size:25px\"><strong>Gr\u00e0cies Astrid Van Ginkel<\/strong><\/p>\n\n\n\n<figure class=\"wp-block-embed aligncenter is-type-wp-embed is-provider-eltrill-org wp-block-embed-eltrill-org\"><div class=\"wp-block-embed__wrapper\">\n<blockquote class=\"wp-embedded-content\" data-secret=\"ZVYaBb9ud3\"><a href=\"https:\/\/www.eltrill.org\/programa\/\">PROGRAMA 9\u00e8 MERCAT DE LES ESP\u00c8CIES<\/a><\/blockquote><iframe loading=\"lazy\" class=\"wp-embedded-content\" sandbox=\"allow-scripts\" security=\"restricted\" style=\"position: absolute; clip: rect(1px, 1px, 1px, 1px);\" title=\"&#8220;PROGRAMA 9\u00e8 MERCAT DE LES ESP\u00c8CIES&#8221; &#8212; eltrill.org\" src=\"https:\/\/www.eltrill.org\/programa\/embed\/#?secret=ODna0ZWZg7#?secret=ZVYaBb9ud3\" data-secret=\"ZVYaBb9ud3\" width=\"525\" height=\"296\" frameborder=\"0\" marginwidth=\"0\" marginheight=\"0\" scrolling=\"no\"><\/iframe>\n<\/div><\/figure>\n\n\n\n<figure class=\"wp-block-image size-large is-resized\"><img loading=\"lazy\" decoding=\"async\" src=\"https:\/\/francesc-cescju.eu\/wp-content\/uploads\/2021\/02\/DSC7641-1024x683.jpg\" alt=\"\" class=\"wp-image-173\" width=\"634\" height=\"422\" srcset=\"https:\/\/francesc-cescju.eu\/wp-content\/uploads\/2021\/02\/DSC7641-1024x683.jpg 1024w, https:\/\/francesc-cescju.eu\/wp-content\/uploads\/2021\/02\/DSC7641-300x200.jpg 300w, https:\/\/francesc-cescju.eu\/wp-content\/uploads\/2021\/02\/DSC7641-768x512.jpg 768w, https:\/\/francesc-cescju.eu\/wp-content\/uploads\/2021\/02\/DSC7641-1536x1024.jpg 1536w, https:\/\/francesc-cescju.eu\/wp-content\/uploads\/2021\/02\/DSC7641-2048x1365.jpg 2048w\" sizes=\"auto, (max-width: 634px) 100vw, 634px\" \/><\/figure>\n","protected":false},"excerpt":{"rendered":"<p>Una fira molt recomanable \u00e9s la del Mercat de les Esp\u00e8cies d\u2019Argen\u00e7ola. Poder participar en un esdeveniment tan anomenat \u00e9s un privilegi i fer-ho a l\u2019esgl\u00e9sia del poble, no t\u00e9 paraules.&nbsp; Gr\u00e0cies Astrid Van Ginkel<\/p>\n","protected":false},"author":1,"featured_media":0,"comment_status":"open","ping_status":"open","sticky":false,"template":"","format":"standard","meta":{"footnotes":""},"categories":[10,14],"tags":[25],"class_list":["post-172","post","type-post","status-publish","format-standard","hentry","category-que-estic-fent","category-collaboracions","tag-concerts-fets"],"_links":{"self":[{"href":"https:\/\/francesc-cescju.eu\/index.php?rest_route=\/wp\/v2\/posts\/172","targetHints":{"allow":["GET"]}}],"collection":[{"href":"https:\/\/francesc-cescju.eu\/index.php?rest_route=\/wp\/v2\/posts"}],"about":[{"href":"https:\/\/francesc-cescju.eu\/index.php?rest_route=\/wp\/v2\/types\/post"}],"author":[{"embeddable":true,"href":"https:\/\/francesc-cescju.eu\/index.php?rest_route=\/wp\/v2\/users\/1"}],"replies":[{"embeddable":true,"href":"https:\/\/francesc-cescju.eu\/index.php?rest_route=%2Fwp%2Fv2%2Fcomments&post=172"}],"version-history":[{"count":2,"href":"https:\/\/francesc-cescju.eu\/index.php?rest_route=\/wp\/v2\/posts\/172\/revisions"}],"predecessor-version":[{"id":303,"href":"https:\/\/francesc-cescju.eu\/index.php?rest_route=\/wp\/v2\/posts\/172\/revisions\/303"}],"wp:attachment":[{"href":"https:\/\/francesc-cescju.eu\/index.php?rest_route=%2Fwp%2Fv2%2Fmedia&parent=172"}],"wp:term":[{"taxonomy":"category","embeddable":true,"href":"https:\/\/francesc-cescju.eu\/index.php?rest_route=%2Fwp%2Fv2%2Fcategories&post=172"},{"taxonomy":"post_tag","embeddable":true,"href":"https:\/\/francesc-cescju.eu\/index.php?rest_route=%2Fwp%2Fv2%2Ftags&post=172"}],"curies":[{"name":"wp","href":"https:\/\/api.w.org\/{rel}","templated":true}]}}