{"id":1115,"date":"2025-10-19T16:42:40","date_gmt":"2025-10-19T16:42:40","guid":{"rendered":"https:\/\/francesc-cescju.eu\/?p=1115"},"modified":"2025-10-19T16:45:30","modified_gmt":"2025-10-19T16:45:30","slug":"53a-tallada-de-troncs-a-sant-hilari-sacalm","status":"publish","type":"post","link":"https:\/\/francesc-cescju.eu\/?p=1115","title":{"rendered":"53a TALLADA DE TRONCS A SANT HILARI SACALM"},"content":{"rendered":"\n\n\t\t\t\t<a href=\"https:\/\/francesc-cescju.eu\/wp-content\/uploads\/2025\/10\/CARTELL-TALLADA-TRONCS.png\"  target=\"_self\" itemprop=\"url\">\n\t\t\t\t<img decoding=\"async\" src=\"https:\/\/francesc-cescju.eu\/wp-content\/uploads\/2025\/10\/CARTELL-TALLADA-TRONCS.png\" alt=\"_CARTELL TALLADA TRONCS\" itemprop=\"image\" height=\"1210\" width=\"908\" title=\"_CARTELL TALLADA TRONCS\" onerror=\"this.style.display='none'\" loading=\"lazy\" \/>\n\t\t\t\t<\/a>\n\t\t\t\t<a href=\"https:\/\/francesc-cescju.eu\/wp-content\/uploads\/2025\/10\/CES5441.jpg\"  target=\"_self\" itemprop=\"url\">\n\t\t\t\t<img decoding=\"async\" src=\"https:\/\/francesc-cescju.eu\/wp-content\/uploads\/2025\/10\/CES5441.jpg\" alt=\"_CES5441\" itemprop=\"image\" height=\"5504\" width=\"8256\" title=\"_CES5441\" onerror=\"this.style.display='none'\" loading=\"lazy\" \/>\n\t\t\t\t<\/a>\n\t\t\t\t<a href=\"https:\/\/francesc-cescju.eu\/wp-content\/uploads\/2025\/10\/CES5454.jpg\"  target=\"_self\" itemprop=\"url\">\n\t\t\t\t<img decoding=\"async\" src=\"https:\/\/francesc-cescju.eu\/wp-content\/uploads\/2025\/10\/CES5454.jpg\" alt=\"_CES5454\" itemprop=\"image\" height=\"5504\" width=\"8256\" title=\"_CES5454\" onerror=\"this.style.display='none'\" loading=\"lazy\" \/>\n\t\t\t\t<\/a>\n\t\t\t\t<a href=\"https:\/\/francesc-cescju.eu\/wp-content\/uploads\/2025\/10\/CES5472.jpg\"  target=\"_self\" itemprop=\"url\">\n\t\t\t\t<img decoding=\"async\" src=\"https:\/\/francesc-cescju.eu\/wp-content\/uploads\/2025\/10\/CES5472.jpg\" alt=\"_CES5472\" itemprop=\"image\" height=\"5504\" width=\"8256\" title=\"_CES5472\" onerror=\"this.style.display='none'\" loading=\"lazy\" \/>\n\t\t\t\t<\/a>\n\t\t\t\t<a href=\"https:\/\/francesc-cescju.eu\/wp-content\/uploads\/2025\/10\/CES5456.jpg\"  target=\"_self\" itemprop=\"url\">\n\t\t\t\t<img decoding=\"async\" src=\"https:\/\/francesc-cescju.eu\/wp-content\/uploads\/2025\/10\/CES5456.jpg\" alt=\"_CES5456\" itemprop=\"image\" height=\"5504\" width=\"8256\" title=\"_CES5456\" onerror=\"this.style.display='none'\" loading=\"lazy\" \/>\n\t\t\t\t<\/a>\n\t\t\t\t<a href=\"https:\/\/francesc-cescju.eu\/wp-content\/uploads\/2025\/10\/CES5482.jpg\"  target=\"_self\" itemprop=\"url\">\n\t\t\t\t<img decoding=\"async\" src=\"https:\/\/francesc-cescju.eu\/wp-content\/uploads\/2025\/10\/CES5482.jpg\" alt=\"_CES5482\" itemprop=\"image\" height=\"5504\" width=\"8256\" title=\"_CES5482\" onerror=\"this.style.display='none'\" loading=\"lazy\" \/>\n\t\t\t\t<\/a>\n\t\t\t\t<a href=\"https:\/\/francesc-cescju.eu\/wp-content\/uploads\/2025\/10\/CES5490.jpg\"  target=\"_self\" itemprop=\"url\">\n\t\t\t\t<img decoding=\"async\" src=\"https:\/\/francesc-cescju.eu\/wp-content\/uploads\/2025\/10\/CES5490.jpg\" alt=\"_CES5490\" itemprop=\"image\" height=\"5504\" width=\"8256\" title=\"_CES5490\" onerror=\"this.style.display='none'\" loading=\"lazy\" \/>\n\t\t\t\t<\/a>\n\t\t\t\t<a href=\"https:\/\/francesc-cescju.eu\/wp-content\/uploads\/2025\/10\/CES5516.jpg\"  target=\"_self\" itemprop=\"url\">\n\t\t\t\t<img decoding=\"async\" src=\"https:\/\/francesc-cescju.eu\/wp-content\/uploads\/2025\/10\/CES5516.jpg\" alt=\"_CES5516\" itemprop=\"image\" height=\"5504\" width=\"8256\" title=\"_CES5516\" onerror=\"this.style.display='none'\" loading=\"lazy\" \/>\n\t\t\t\t<\/a>\n\t\t\t\t<a href=\"https:\/\/francesc-cescju.eu\/wp-content\/uploads\/2025\/10\/CES5525.jpg\"  target=\"_self\" itemprop=\"url\">\n\t\t\t\t<img decoding=\"async\" src=\"https:\/\/francesc-cescju.eu\/wp-content\/uploads\/2025\/10\/CES5525.jpg\" alt=\"_CES5525\" itemprop=\"image\" height=\"5504\" width=\"8256\" title=\"_CES5525\" onerror=\"this.style.display='none'\" loading=\"lazy\" \/>\n\t\t\t\t<\/a>\n\t\t\t\t<a href=\"https:\/\/francesc-cescju.eu\/wp-content\/uploads\/2025\/10\/CES5544.jpg\"  target=\"_self\" itemprop=\"url\">\n\t\t\t\t<img decoding=\"async\" src=\"https:\/\/francesc-cescju.eu\/wp-content\/uploads\/2025\/10\/CES5544.jpg\" alt=\"_CES5544\" itemprop=\"image\" height=\"5504\" width=\"8256\" title=\"_CES5544\" onerror=\"this.style.display='none'\" loading=\"lazy\" \/>\n\t\t\t\t<\/a>\n\t\t\t\t<a href=\"https:\/\/francesc-cescju.eu\/wp-content\/uploads\/2025\/10\/CES5550.jpg\"  target=\"_self\" itemprop=\"url\">\n\t\t\t\t<img decoding=\"async\" src=\"https:\/\/francesc-cescju.eu\/wp-content\/uploads\/2025\/10\/CES5550.jpg\" alt=\"_CES5550\" itemprop=\"image\" height=\"5504\" width=\"8256\" title=\"_CES5550\" onerror=\"this.style.display='none'\" loading=\"lazy\" \/>\n\t\t\t\t<\/a>\n\t\t\t\t<a href=\"https:\/\/francesc-cescju.eu\/wp-content\/uploads\/2025\/10\/CES5561.jpg\"  target=\"_self\" itemprop=\"url\">\n\t\t\t\t<img decoding=\"async\" src=\"https:\/\/francesc-cescju.eu\/wp-content\/uploads\/2025\/10\/CES5561.jpg\" alt=\"_CES5561\" itemprop=\"image\" height=\"5504\" width=\"8256\" title=\"_CES5561\" onerror=\"this.style.display='none'\" loading=\"lazy\" \/>\n\t\t\t\t<\/a>\n\t<p>Enguany s&#8217;ha recuperat la Tallada de Troncs, essent aquesta la 53a edici\u00f3. Es tracta d&#8217;un acte hist\u00f2ric i emblem\u00e0tic que refor\u00e7a les \u00a0arrels i la identitat de Sant Hilari. La primera tallada de troncs es va fer l&#8217;any 1958 i l&#8217;\u00faltima vegada que es va celebrar va ser el 2012.<\/p>\n\t\t\t\t<img decoding=\"async\" src=\"https:\/\/francesc-cescju.eu\/wp-content\/plugins\/beaver-builder-lite-version\/img\/pixel.png\" alt=\"\" itemprop=\"image\" onerror=\"this.style.display='none'\" loading=\"lazy\" \/>\n\n","protected":false},"excerpt":{"rendered":"<p>Enguany s&#8217;ha recuperat la Tallada de Troncs, essent aquesta la 53a edici\u00f3. Es tracta d&#8217;un acte hist\u00f2ric i emblem\u00e0tic que refor\u00e7a les \u00a0arrels i la identitat de Sant Hilari. La primera tallada de troncs es va fer l&#8217;any 1958 i l&#8217;\u00faltima vegada que es va celebrar va ser el 2012.<\/p>\n","protected":false},"author":1,"featured_media":0,"comment_status":"open","ping_status":"open","sticky":false,"template":"","format":"standard","meta":{"footnotes":""},"categories":[8,4],"tags":[],"class_list":["post-1115","post","type-post","status-publish","format-standard","hentry","category-un-amic-es-aquell-que-et-dona-la-llibertat-de-ser-tu-mateix","category-les-meves-imatges"],"_links":{"self":[{"href":"https:\/\/francesc-cescju.eu\/index.php?rest_route=\/wp\/v2\/posts\/1115","targetHints":{"allow":["GET"]}}],"collection":[{"href":"https:\/\/francesc-cescju.eu\/index.php?rest_route=\/wp\/v2\/posts"}],"about":[{"href":"https:\/\/francesc-cescju.eu\/index.php?rest_route=\/wp\/v2\/types\/post"}],"author":[{"embeddable":true,"href":"https:\/\/francesc-cescju.eu\/index.php?rest_route=\/wp\/v2\/users\/1"}],"replies":[{"embeddable":true,"href":"https:\/\/francesc-cescju.eu\/index.php?rest_route=%2Fwp%2Fv2%2Fcomments&post=1115"}],"version-history":[{"count":2,"href":"https:\/\/francesc-cescju.eu\/index.php?rest_route=\/wp\/v2\/posts\/1115\/revisions"}],"predecessor-version":[{"id":1142,"href":"https:\/\/francesc-cescju.eu\/index.php?rest_route=\/wp\/v2\/posts\/1115\/revisions\/1142"}],"wp:attachment":[{"href":"https:\/\/francesc-cescju.eu\/index.php?rest_route=%2Fwp%2Fv2%2Fmedia&parent=1115"}],"wp:term":[{"taxonomy":"category","embeddable":true,"href":"https:\/\/francesc-cescju.eu\/index.php?rest_route=%2Fwp%2Fv2%2Fcategories&post=1115"},{"taxonomy":"post_tag","embeddable":true,"href":"https:\/\/francesc-cescju.eu\/index.php?rest_route=%2Fwp%2Fv2%2Ftags&post=1115"}],"curies":[{"name":"wp","href":"https:\/\/api.w.org\/{rel}","templated":true}]}}